{"id":619,"date":"2024-01-13T20:52:27","date_gmt":"2024-01-13T19:52:27","guid":{"rendered":"https:\/\/adca-artois.fr\/?p=619"},"modified":"2024-01-13T20:52:28","modified_gmt":"2024-01-13T19:52:28","slug":"mise-a-jour-des-repertoires-de-la-bibliotheque-des-journaux-et-archives-de-genealogie-effectuee-le-13-01-2024","status":"publish","type":"post","link":"https:\/\/adca-artois.fr\/index.php\/2024\/01\/13\/mise-a-jour-des-repertoires-de-la-bibliotheque-des-journaux-et-archives-de-genealogie-effectuee-le-13-01-2024\/","title":{"rendered":"Mise \u00e0 jour des r\u00e9pertoires de la biblioth\u00e8que, des journaux et archives, de g\u00e9n\u00e9alogie effectu\u00e9e le 13\/01\/2024."},"content":{"rendered":"Vous devez \u00eatre connect\u00e9 pour voir ce contenu.","protected":false},"excerpt":{"rendered":"Vous devez \u00eatre connect\u00e9 pour voir ce contenu.","protected":false},"author":1,"featured_media":0,"comment_status":"open","ping_status":"open","sticky":false,"template":"","format":"standard","meta":{"footnotes":""},"categories":[1],"tags":[],"class_list":["post-619","post","type-post","status-publish","format-standard","hentry","category-non-classe","entry"],"yoast_head":"<!-- This site is optimized with the Yoast SEO plugin v21.2 - https:\/\/yoast.com\/wordpress\/plugins\/seo\/ -->\n<title>Mise \u00e0 jour des r\u00e9pertoires de la biblioth\u00e8que, des journaux et archives, de g\u00e9n\u00e9alogie effectu\u00e9e le 13\/01\/2024. - Association pour la D\u00e9couverte d&#039;un Coin d&#039;Artois - entre Lys et Clarence -<\/title>\n<meta name=\"robots\" content=\"index, follow, max-snippet:-1, max-image-preview:large, max-video-preview:-1\" \/>\n<link rel=\"canonical\" href=\"https:\/\/adca-artois.fr\/index.php\/2024\/01\/13\/mise-a-jour-des-repertoires-de-la-bibliotheque-des-journaux-et-archives-de-genealogie-effectuee-le-13-01-2024\/\" \/>\n<meta property=\"og:locale\" content=\"fr_FR\" \/>\n<meta property=\"og:type\" content=\"article\" \/>\n<meta property=\"og:title\" content=\"Mise \u00e0 jour des r\u00e9pertoires de la biblioth\u00e8que, des journaux et archives, de g\u00e9n\u00e9alogie effectu\u00e9e le 13\/01\/2024. - Association pour la D\u00e9couverte d&#039;un Coin d&#039;Artois - entre Lys et Clarence -\" \/>\n<meta property=\"og:description\" content=\"Ce contenu n\u2019est accessible qu\u2019aux membres du site. Si vous \u00eates inscrit, veuillez vous connecter. Les nouveaux utilisateurs peuvent s&#039;inscrire ci-dessous.Connexion pour les utilisateurs enregistr\u00e9sIdentifiant ou e-mailMot de passe&nbsp;Se souvenir de moi&nbsp;&nbsp;Nouvel utilisateur\u00a0?Choisissez un Nom d\u2019utilisateur*Pr\u00e9nom*Nom*Adresse 1*Adresse 2Ville*\u00c9tat*Code postal*Pays*Phone*Courriel**Champ requis\" \/>\n<meta property=\"og:url\" content=\"https:\/\/adca-artois.fr\/index.php\/2024\/01\/13\/mise-a-jour-des-repertoires-de-la-bibliotheque-des-journaux-et-archives-de-genealogie-effectuee-le-13-01-2024\/\" \/>\n<meta property=\"og:site_name\" content=\"Association pour la D\u00e9couverte d&#039;un Coin d&#039;Artois - entre Lys et Clarence -\" \/>\n<meta property=\"article:published_time\" content=\"2024-01-13T19:52:27+00:00\" \/>\n<meta property=\"article:modified_time\" content=\"2024-01-13T19:52:28+00:00\" \/>\n<meta name=\"author\" content=\"admin4217\" \/>\n<meta name=\"twitter:card\" content=\"summary_large_image\" \/>\n<meta name=\"twitter:label1\" content=\"\u00c9crit par\" \/>\n\t<meta name=\"twitter:data1\" content=\"admin4217\" \/>\n<script type=\"application\/ld+json\" class=\"yoast-schema-graph\">{\"@context\":\"https:\/\/schema.org\",\"@graph\":[{\"@type\":\"WebPage\",\"@id\":\"https:\/\/adca-artois.fr\/index.php\/2024\/01\/13\/mise-a-jour-des-repertoires-de-la-bibliotheque-des-journaux-et-archives-de-genealogie-effectuee-le-13-01-2024\/\",\"url\":\"https:\/\/adca-artois.fr\/index.php\/2024\/01\/13\/mise-a-jour-des-repertoires-de-la-bibliotheque-des-journaux-et-archives-de-genealogie-effectuee-le-13-01-2024\/\",\"name\":\"Mise \u00e0 jour des r\u00e9pertoires de la biblioth\u00e8que, des journaux et archives, de g\u00e9n\u00e9alogie effectu\u00e9e le 13\/01\/2024. - Association pour la D\u00e9couverte d&#039;un Coin d&#039;Artois - entre Lys et Clarence -\",\"isPartOf\":{\"@id\":\"https:\/\/adca-artois.fr\/#website\"},\"datePublished\":\"2024-01-13T19:52:27+00:00\",\"dateModified\":\"2024-01-13T19:52:28+00:00\",\"author\":{\"@id\":\"https:\/\/adca-artois.fr\/#\/schema\/person\/65f97fdeb04fd0fc3d0c38cd494d1a95\"},\"breadcrumb\":{\"@id\":\"https:\/\/adca-artois.fr\/index.php\/2024\/01\/13\/mise-a-jour-des-repertoires-de-la-bibliotheque-des-journaux-et-archives-de-genealogie-effectuee-le-13-01-2024\/#breadcrumb\"},\"inLanguage\":\"fr-FR\",\"potentialAction\":[{\"@type\":\"ReadAction\",\"target\":[\"https:\/\/adca-artois.fr\/index.php\/2024\/01\/13\/mise-a-jour-des-repertoires-de-la-bibliotheque-des-journaux-et-archives-de-genealogie-effectuee-le-13-01-2024\/\"]}]},{\"@type\":\"BreadcrumbList\",\"@id\":\"https:\/\/adca-artois.fr\/index.php\/2024\/01\/13\/mise-a-jour-des-repertoires-de-la-bibliotheque-des-journaux-et-archives-de-genealogie-effectuee-le-13-01-2024\/#breadcrumb\",\"itemListElement\":[{\"@type\":\"ListItem\",\"position\":1,\"name\":\"Accueil\",\"item\":\"https:\/\/adca-artois.fr\/\"},{\"@type\":\"ListItem\",\"position\":2,\"name\":\"Mise \u00e0 jour des r\u00e9pertoires de la biblioth\u00e8que, des journaux et archives, de g\u00e9n\u00e9alogie effectu\u00e9e le 13\/01\/2024.\"}]},{\"@type\":\"WebSite\",\"@id\":\"https:\/\/adca-artois.fr\/#website\",\"url\":\"https:\/\/adca-artois.fr\/\",\"name\":\"Association pour la D\u00e9couverte d&#039;un Coin d&#039;Artois - entre Lys et Clarence -\",\"description\":\"L&#039;A.D.C.A est une Association r\u00e9gie par la loi du 1er Juillet 1901. Elle a \u00e9t\u00e9 fond\u00e9e le 23 janvier 1986. Notre Association propose la D\u00e9couverte et la promotion  de l&#039;histoire d&#039;un Coin d&#039;Artois sous tous ses aspects pour la partager avec le plus grand nombre d&#039;amateurs de tout \u00e2ge. Elle compte environ 60 membres. Si vous \u00eates int\u00e9ress\u00e9 par l&#039;histoire de notre r\u00e9gion, par des recherches g\u00e9n\u00e9alogiques ou participer  \u00e0 nos sorties th\u00e9matiques. Rejoignez-nous. L&#039;adh\u00e9sion est de 10 \u20ac et 15 \u20ac pour les couples.\",\"alternateName\":\"ADCA\",\"potentialAction\":[{\"@type\":\"SearchAction\",\"target\":{\"@type\":\"EntryPoint\",\"urlTemplate\":\"https:\/\/adca-artois.fr\/?s={search_term_string}\"},\"query-input\":\"required name=search_term_string\"}],\"inLanguage\":\"fr-FR\"},{\"@type\":\"Person\",\"@id\":\"https:\/\/adca-artois.fr\/#\/schema\/person\/65f97fdeb04fd0fc3d0c38cd494d1a95\",\"name\":\"admin4217\",\"image\":{\"@type\":\"ImageObject\",\"inLanguage\":\"fr-FR\",\"@id\":\"https:\/\/adca-artois.fr\/#\/schema\/person\/image\/\",\"url\":\"https:\/\/secure.gravatar.com\/avatar\/3ae1e7d97c62672d02d86c60211806cda59b208538a310daba97b88bc2f3830a?s=96&d=mm&r=g\",\"contentUrl\":\"https:\/\/secure.gravatar.com\/avatar\/3ae1e7d97c62672d02d86c60211806cda59b208538a310daba97b88bc2f3830a?s=96&d=mm&r=g\",\"caption\":\"admin4217\"},\"sameAs\":[\"http:\/\/adca-artois.fr\"],\"url\":\"https:\/\/adca-artois.fr\/index.php\/author\/admin4217\/\"}]}<\/script>\n<!-- \/ Yoast SEO plugin. -->","yoast_head_json":{"title":"Mise \u00e0 jour des r\u00e9pertoires de la biblioth\u00e8que, des journaux et archives, de g\u00e9n\u00e9alogie effectu\u00e9e le 13\/01\/2024. - Association pour la D\u00e9couverte d&#039;un Coin d&#039;Artois - entre Lys et Clarence -","robots":{"index":"index","follow":"follow","max-snippet":"max-snippet:-1","max-image-preview":"max-image-preview:large","max-video-preview":"max-video-preview:-1"},"canonical":"https:\/\/adca-artois.fr\/index.php\/2024\/01\/13\/mise-a-jour-des-repertoires-de-la-bibliotheque-des-journaux-et-archives-de-genealogie-effectuee-le-13-01-2024\/","og_locale":"fr_FR","og_type":"article","og_title":"Mise \u00e0 jour des r\u00e9pertoires de la biblioth\u00e8que, des journaux et archives, de g\u00e9n\u00e9alogie effectu\u00e9e le 13\/01\/2024. - Association pour la D\u00e9couverte d&#039;un Coin d&#039;Artois - entre Lys et Clarence -","og_description":"Ce contenu n\u2019est accessible qu\u2019aux membres du site. Si vous \u00eates inscrit, veuillez vous connecter. Les nouveaux utilisateurs peuvent s'inscrire ci-dessous.Connexion pour les utilisateurs enregistr\u00e9sIdentifiant ou e-mailMot de passe&nbsp;Se souvenir de moi&nbsp;&nbsp;Nouvel utilisateur\u00a0?Choisissez un Nom d\u2019utilisateur*Pr\u00e9nom*Nom*Adresse 1*Adresse 2Ville*\u00c9tat*Code postal*Pays*Phone*Courriel**Champ requis","og_url":"https:\/\/adca-artois.fr\/index.php\/2024\/01\/13\/mise-a-jour-des-repertoires-de-la-bibliotheque-des-journaux-et-archives-de-genealogie-effectuee-le-13-01-2024\/","og_site_name":"Association pour la D\u00e9couverte d&#039;un Coin d&#039;Artois - entre Lys et Clarence -","article_published_time":"2024-01-13T19:52:27+00:00","article_modified_time":"2024-01-13T19:52:28+00:00","author":"admin4217","twitter_card":"summary_large_image","twitter_misc":{"\u00c9crit par":"admin4217"},"schema":{"@context":"https:\/\/schema.org","@graph":[{"@type":"WebPage","@id":"https:\/\/adca-artois.fr\/index.php\/2024\/01\/13\/mise-a-jour-des-repertoires-de-la-bibliotheque-des-journaux-et-archives-de-genealogie-effectuee-le-13-01-2024\/","url":"https:\/\/adca-artois.fr\/index.php\/2024\/01\/13\/mise-a-jour-des-repertoires-de-la-bibliotheque-des-journaux-et-archives-de-genealogie-effectuee-le-13-01-2024\/","name":"Mise \u00e0 jour des r\u00e9pertoires de la biblioth\u00e8que, des journaux et archives, de g\u00e9n\u00e9alogie effectu\u00e9e le 13\/01\/2024. - Association pour la D\u00e9couverte d&#039;un Coin d&#039;Artois - entre Lys et Clarence -","isPartOf":{"@id":"https:\/\/adca-artois.fr\/#website"},"datePublished":"2024-01-13T19:52:27+00:00","dateModified":"2024-01-13T19:52:28+00:00","author":{"@id":"https:\/\/adca-artois.fr\/#\/schema\/person\/65f97fdeb04fd0fc3d0c38cd494d1a95"},"breadcrumb":{"@id":"https:\/\/adca-artois.fr\/index.php\/2024\/01\/13\/mise-a-jour-des-repertoires-de-la-bibliotheque-des-journaux-et-archives-de-genealogie-effectuee-le-13-01-2024\/#breadcrumb"},"inLanguage":"fr-FR","potentialAction":[{"@type":"ReadAction","target":["https:\/\/adca-artois.fr\/index.php\/2024\/01\/13\/mise-a-jour-des-repertoires-de-la-bibliotheque-des-journaux-et-archives-de-genealogie-effectuee-le-13-01-2024\/"]}]},{"@type":"BreadcrumbList","@id":"https:\/\/adca-artois.fr\/index.php\/2024\/01\/13\/mise-a-jour-des-repertoires-de-la-bibliotheque-des-journaux-et-archives-de-genealogie-effectuee-le-13-01-2024\/#breadcrumb","itemListElement":[{"@type":"ListItem","position":1,"name":"Accueil","item":"https:\/\/adca-artois.fr\/"},{"@type":"ListItem","position":2,"name":"Mise \u00e0 jour des r\u00e9pertoires de la biblioth\u00e8que, des journaux et archives, de g\u00e9n\u00e9alogie effectu\u00e9e le 13\/01\/2024."}]},{"@type":"WebSite","@id":"https:\/\/adca-artois.fr\/#website","url":"https:\/\/adca-artois.fr\/","name":"Association pour la D\u00e9couverte d&#039;un Coin d&#039;Artois - entre Lys et Clarence -","description":"L&#039;A.D.C.A est une Association r\u00e9gie par la loi du 1er Juillet 1901. Elle a \u00e9t\u00e9 fond\u00e9e le 23 janvier 1986. Notre Association propose la D\u00e9couverte et la promotion  de l&#039;histoire d&#039;un Coin d&#039;Artois sous tous ses aspects pour la partager avec le plus grand nombre d&#039;amateurs de tout \u00e2ge. Elle compte environ 60 membres. Si vous \u00eates int\u00e9ress\u00e9 par l&#039;histoire de notre r\u00e9gion, par des recherches g\u00e9n\u00e9alogiques ou participer  \u00e0 nos sorties th\u00e9matiques. Rejoignez-nous. L&#039;adh\u00e9sion est de 10 \u20ac et 15 \u20ac pour les couples.","alternateName":"ADCA","potentialAction":[{"@type":"SearchAction","target":{"@type":"EntryPoint","urlTemplate":"https:\/\/adca-artois.fr\/?s={search_term_string}"},"query-input":"required name=search_term_string"}],"inLanguage":"fr-FR"},{"@type":"Person","@id":"https:\/\/adca-artois.fr\/#\/schema\/person\/65f97fdeb04fd0fc3d0c38cd494d1a95","name":"admin4217","image":{"@type":"ImageObject","inLanguage":"fr-FR","@id":"https:\/\/adca-artois.fr\/#\/schema\/person\/image\/","url":"https:\/\/secure.gravatar.com\/avatar\/3ae1e7d97c62672d02d86c60211806cda59b208538a310daba97b88bc2f3830a?s=96&d=mm&r=g","contentUrl":"https:\/\/secure.gravatar.com\/avatar\/3ae1e7d97c62672d02d86c60211806cda59b208538a310daba97b88bc2f3830a?s=96&d=mm&r=g","caption":"admin4217"},"sameAs":["http:\/\/adca-artois.fr"],"url":"https:\/\/adca-artois.fr\/index.php\/author\/admin4217\/"}]}},"_links":{"self":[{"href":"https:\/\/adca-artois.fr\/index.php\/wp-json\/wp\/v2\/posts\/619","targetHints":{"allow":["GET"]}}],"collection":[{"href":"https:\/\/adca-artois.fr\/index.php\/wp-json\/wp\/v2\/posts"}],"about":[{"href":"https:\/\/adca-artois.fr\/index.php\/wp-json\/wp\/v2\/types\/post"}],"author":[{"embeddable":true,"href":"https:\/\/adca-artois.fr\/index.php\/wp-json\/wp\/v2\/users\/1"}],"replies":[{"embeddable":true,"href":"https:\/\/adca-artois.fr\/index.php\/wp-json\/wp\/v2\/comments?post=619"}],"version-history":[{"count":1,"href":"https:\/\/adca-artois.fr\/index.php\/wp-json\/wp\/v2\/posts\/619\/revisions"}],"predecessor-version":[{"id":620,"href":"https:\/\/adca-artois.fr\/index.php\/wp-json\/wp\/v2\/posts\/619\/revisions\/620"}],"wp:attachment":[{"href":"https:\/\/adca-artois.fr\/index.php\/wp-json\/wp\/v2\/media?parent=619"}],"wp:term":[{"taxonomy":"category","embeddable":true,"href":"https:\/\/adca-artois.fr\/index.php\/wp-json\/wp\/v2\/categories?post=619"},{"taxonomy":"post_tag","embeddable":true,"href":"https:\/\/adca-artois.fr\/index.php\/wp-json\/wp\/v2\/tags?post=619"}],"curies":[{"name":"wp","href":"https:\/\/api.w.org\/{rel}","templated":true}]}}