{"id":578,"date":"2023-09-25T22:14:17","date_gmt":"2023-09-25T20:14:17","guid":{"rendered":"https:\/\/adca-artois.fr\/?p=578"},"modified":"2023-09-25T22:52:26","modified_gmt":"2023-09-25T20:52:26","slug":"conference-a-burbure-le-13-octobre-par-pascal-guillemant-consacree-a-lattentat-de-beuvry-perpetre-par-la-resistance-le-24-mars-1943","status":"publish","type":"post","link":"https:\/\/adca-artois.fr\/index.php\/2023\/09\/25\/conference-a-burbure-le-13-octobre-par-pascal-guillemant-consacree-a-lattentat-de-beuvry-perpetre-par-la-resistance-le-24-mars-1943\/","title":{"rendered":"Conf\u00e9rence \u00e0 Burbure le 13 Octobre \u00e0 18H Salle A.LAGACHE (Mairie) par Pascal Guillemant consacr\u00e9e \u00e0 l&rsquo;attentat de Beuvry perp\u00e9tr\u00e9 par la r\u00e9sistance communiste le 24 mars 1943."},"content":{"rendered":"\n<p><\/p>\n\n\n\n<figure class=\"wp-block-image size-large\"><img decoding=\"async\" src=\"https:\/\/adca-artois.fr\/wp-content\/uploads\/2023\/09\/conference-13-10-2023-Burbure-attentat-de-Beuvry.jpg\" alt=\"\"\/><\/figure>\n","protected":false},"excerpt":{"rendered":"","protected":false},"author":1,"featured_media":0,"comment_status":"open","ping_status":"open","sticky":false,"template":"","format":"standard","meta":{"footnotes":""},"categories":[1],"tags":[],"class_list":["post-578","post","type-post","status-publish","format-standard","hentry","category-non-classe","entry"],"yoast_head":"<!-- This site is optimized with the Yoast SEO plugin v21.2 - https:\/\/yoast.com\/wordpress\/plugins\/seo\/ -->\n<title>Conf\u00e9rence \u00e0 Burbure le 13 Octobre \u00e0 18H Salle A.LAGACHE (Mairie) par Pascal Guillemant consacr\u00e9e \u00e0 l&#039;attentat de Beuvry perp\u00e9tr\u00e9 par la r\u00e9sistance communiste le 24 mars 1943. - Association pour la D\u00e9couverte d&#039;un Coin d&#039;Artois - entre Lys et Clarence -<\/title>\n<meta name=\"robots\" content=\"index, follow, max-snippet:-1, max-image-preview:large, max-video-preview:-1\" \/>\n<link rel=\"canonical\" href=\"https:\/\/adca-artois.fr\/index.php\/2023\/09\/25\/conference-a-burbure-le-13-octobre-par-pascal-guillemant-consacree-a-lattentat-de-beuvry-perpetre-par-la-resistance-le-24-mars-1943\/\" \/>\n<meta property=\"og:locale\" content=\"fr_FR\" \/>\n<meta property=\"og:type\" content=\"article\" \/>\n<meta property=\"og:title\" content=\"Conf\u00e9rence \u00e0 Burbure le 13 Octobre \u00e0 18H Salle A.LAGACHE (Mairie) par Pascal Guillemant consacr\u00e9e \u00e0 l&#039;attentat de Beuvry perp\u00e9tr\u00e9 par la r\u00e9sistance communiste le 24 mars 1943. - Association pour la D\u00e9couverte d&#039;un Coin d&#039;Artois - entre Lys et Clarence -\" \/>\n<meta property=\"og:url\" content=\"https:\/\/adca-artois.fr\/index.php\/2023\/09\/25\/conference-a-burbure-le-13-octobre-par-pascal-guillemant-consacree-a-lattentat-de-beuvry-perpetre-par-la-resistance-le-24-mars-1943\/\" \/>\n<meta property=\"og:site_name\" content=\"Association pour la D\u00e9couverte d&#039;un Coin d&#039;Artois - entre Lys et Clarence -\" \/>\n<meta property=\"article:published_time\" content=\"2023-09-25T20:14:17+00:00\" \/>\n<meta property=\"article:modified_time\" content=\"2023-09-25T20:52:26+00:00\" \/>\n<meta property=\"og:image\" content=\"https:\/\/adca-artois.fr\/wp-content\/uploads\/2023\/09\/conference-13-10-2023-Burbure-attentat-de-Beuvry.jpg\" \/>\n<meta name=\"author\" content=\"admin4217\" \/>\n<meta name=\"twitter:card\" content=\"summary_large_image\" \/>\n<meta name=\"twitter:label1\" content=\"\u00c9crit par\" \/>\n\t<meta name=\"twitter:data1\" content=\"admin4217\" \/>\n<script type=\"application\/ld+json\" class=\"yoast-schema-graph\">{\"@context\":\"https:\/\/schema.org\",\"@graph\":[{\"@type\":\"WebPage\",\"@id\":\"https:\/\/adca-artois.fr\/index.php\/2023\/09\/25\/conference-a-burbure-le-13-octobre-par-pascal-guillemant-consacree-a-lattentat-de-beuvry-perpetre-par-la-resistance-le-24-mars-1943\/\",\"url\":\"https:\/\/adca-artois.fr\/index.php\/2023\/09\/25\/conference-a-burbure-le-13-octobre-par-pascal-guillemant-consacree-a-lattentat-de-beuvry-perpetre-par-la-resistance-le-24-mars-1943\/\",\"name\":\"Conf\u00e9rence \u00e0 Burbure le 13 Octobre \u00e0 18H Salle A.LAGACHE (Mairie) par Pascal Guillemant consacr\u00e9e \u00e0 l'attentat de Beuvry perp\u00e9tr\u00e9 par la r\u00e9sistance communiste le 24 mars 1943. - Association pour la D\u00e9couverte d&#039;un Coin d&#039;Artois - entre Lys et Clarence -\",\"isPartOf\":{\"@id\":\"https:\/\/adca-artois.fr\/#website\"},\"datePublished\":\"2023-09-25T20:14:17+00:00\",\"dateModified\":\"2023-09-25T20:52:26+00:00\",\"author\":{\"@id\":\"https:\/\/adca-artois.fr\/#\/schema\/person\/65f97fdeb04fd0fc3d0c38cd494d1a95\"},\"breadcrumb\":{\"@id\":\"https:\/\/adca-artois.fr\/index.php\/2023\/09\/25\/conference-a-burbure-le-13-octobre-par-pascal-guillemant-consacree-a-lattentat-de-beuvry-perpetre-par-la-resistance-le-24-mars-1943\/#breadcrumb\"},\"inLanguage\":\"fr-FR\",\"potentialAction\":[{\"@type\":\"ReadAction\",\"target\":[\"https:\/\/adca-artois.fr\/index.php\/2023\/09\/25\/conference-a-burbure-le-13-octobre-par-pascal-guillemant-consacree-a-lattentat-de-beuvry-perpetre-par-la-resistance-le-24-mars-1943\/\"]}]},{\"@type\":\"BreadcrumbList\",\"@id\":\"https:\/\/adca-artois.fr\/index.php\/2023\/09\/25\/conference-a-burbure-le-13-octobre-par-pascal-guillemant-consacree-a-lattentat-de-beuvry-perpetre-par-la-resistance-le-24-mars-1943\/#breadcrumb\",\"itemListElement\":[{\"@type\":\"ListItem\",\"position\":1,\"name\":\"Accueil\",\"item\":\"https:\/\/adca-artois.fr\/\"},{\"@type\":\"ListItem\",\"position\":2,\"name\":\"Conf\u00e9rence \u00e0 Burbure le 13 Octobre \u00e0 18H Salle A.LAGACHE (Mairie) par Pascal Guillemant consacr\u00e9e \u00e0 l&rsquo;attentat de Beuvry perp\u00e9tr\u00e9 par la r\u00e9sistance communiste le 24 mars 1943.\"}]},{\"@type\":\"WebSite\",\"@id\":\"https:\/\/adca-artois.fr\/#website\",\"url\":\"https:\/\/adca-artois.fr\/\",\"name\":\"Association pour la D\u00e9couverte d&#039;un Coin d&#039;Artois - entre Lys et Clarence -\",\"description\":\"L&#039;A.D.C.A est une Association r\u00e9gie par la loi du 1er Juillet 1901. Elle a \u00e9t\u00e9 fond\u00e9e le 23 janvier 1986. Notre Association propose la D\u00e9couverte et la promotion  de l&#039;histoire d&#039;un Coin d&#039;Artois sous tous ses aspects pour la partager avec le plus grand nombre d&#039;amateurs de tout \u00e2ge. Elle compte environ 60 membres. Si vous \u00eates int\u00e9ress\u00e9 par l&#039;histoire de notre r\u00e9gion, par des recherches g\u00e9n\u00e9alogiques ou participer  \u00e0 nos sorties th\u00e9matiques. Rejoignez-nous. L&#039;adh\u00e9sion est de 10 \u20ac et 15 \u20ac pour les couples.\",\"alternateName\":\"ADCA\",\"potentialAction\":[{\"@type\":\"SearchAction\",\"target\":{\"@type\":\"EntryPoint\",\"urlTemplate\":\"https:\/\/adca-artois.fr\/?s={search_term_string}\"},\"query-input\":\"required name=search_term_string\"}],\"inLanguage\":\"fr-FR\"},{\"@type\":\"Person\",\"@id\":\"https:\/\/adca-artois.fr\/#\/schema\/person\/65f97fdeb04fd0fc3d0c38cd494d1a95\",\"name\":\"admin4217\",\"image\":{\"@type\":\"ImageObject\",\"inLanguage\":\"fr-FR\",\"@id\":\"https:\/\/adca-artois.fr\/#\/schema\/person\/image\/\",\"url\":\"https:\/\/secure.gravatar.com\/avatar\/3ae1e7d97c62672d02d86c60211806cda59b208538a310daba97b88bc2f3830a?s=96&d=mm&r=g\",\"contentUrl\":\"https:\/\/secure.gravatar.com\/avatar\/3ae1e7d97c62672d02d86c60211806cda59b208538a310daba97b88bc2f3830a?s=96&d=mm&r=g\",\"caption\":\"admin4217\"},\"sameAs\":[\"http:\/\/adca-artois.fr\"],\"url\":\"https:\/\/adca-artois.fr\/index.php\/author\/admin4217\/\"}]}<\/script>\n<!-- \/ Yoast SEO plugin. -->","yoast_head_json":{"title":"Conf\u00e9rence \u00e0 Burbure le 13 Octobre \u00e0 18H Salle A.LAGACHE (Mairie) par Pascal Guillemant consacr\u00e9e \u00e0 l'attentat de Beuvry perp\u00e9tr\u00e9 par la r\u00e9sistance communiste le 24 mars 1943. - Association pour la D\u00e9couverte d&#039;un Coin d&#039;Artois - entre Lys et Clarence -","robots":{"index":"index","follow":"follow","max-snippet":"max-snippet:-1","max-image-preview":"max-image-preview:large","max-video-preview":"max-video-preview:-1"},"canonical":"https:\/\/adca-artois.fr\/index.php\/2023\/09\/25\/conference-a-burbure-le-13-octobre-par-pascal-guillemant-consacree-a-lattentat-de-beuvry-perpetre-par-la-resistance-le-24-mars-1943\/","og_locale":"fr_FR","og_type":"article","og_title":"Conf\u00e9rence \u00e0 Burbure le 13 Octobre \u00e0 18H Salle A.LAGACHE (Mairie) par Pascal Guillemant consacr\u00e9e \u00e0 l'attentat de Beuvry perp\u00e9tr\u00e9 par la r\u00e9sistance communiste le 24 mars 1943. - Association pour la D\u00e9couverte d&#039;un Coin d&#039;Artois - entre Lys et Clarence -","og_url":"https:\/\/adca-artois.fr\/index.php\/2023\/09\/25\/conference-a-burbure-le-13-octobre-par-pascal-guillemant-consacree-a-lattentat-de-beuvry-perpetre-par-la-resistance-le-24-mars-1943\/","og_site_name":"Association pour la D\u00e9couverte d&#039;un Coin d&#039;Artois - entre Lys et Clarence -","article_published_time":"2023-09-25T20:14:17+00:00","article_modified_time":"2023-09-25T20:52:26+00:00","og_image":[{"url":"https:\/\/adca-artois.fr\/wp-content\/uploads\/2023\/09\/conference-13-10-2023-Burbure-attentat-de-Beuvry.jpg"}],"author":"admin4217","twitter_card":"summary_large_image","twitter_misc":{"\u00c9crit par":"admin4217"},"schema":{"@context":"https:\/\/schema.org","@graph":[{"@type":"WebPage","@id":"https:\/\/adca-artois.fr\/index.php\/2023\/09\/25\/conference-a-burbure-le-13-octobre-par-pascal-guillemant-consacree-a-lattentat-de-beuvry-perpetre-par-la-resistance-le-24-mars-1943\/","url":"https:\/\/adca-artois.fr\/index.php\/2023\/09\/25\/conference-a-burbure-le-13-octobre-par-pascal-guillemant-consacree-a-lattentat-de-beuvry-perpetre-par-la-resistance-le-24-mars-1943\/","name":"Conf\u00e9rence \u00e0 Burbure le 13 Octobre \u00e0 18H Salle A.LAGACHE (Mairie) par Pascal Guillemant consacr\u00e9e \u00e0 l'attentat de Beuvry perp\u00e9tr\u00e9 par la r\u00e9sistance communiste le 24 mars 1943. - Association pour la D\u00e9couverte d&#039;un Coin d&#039;Artois - entre Lys et Clarence -","isPartOf":{"@id":"https:\/\/adca-artois.fr\/#website"},"datePublished":"2023-09-25T20:14:17+00:00","dateModified":"2023-09-25T20:52:26+00:00","author":{"@id":"https:\/\/adca-artois.fr\/#\/schema\/person\/65f97fdeb04fd0fc3d0c38cd494d1a95"},"breadcrumb":{"@id":"https:\/\/adca-artois.fr\/index.php\/2023\/09\/25\/conference-a-burbure-le-13-octobre-par-pascal-guillemant-consacree-a-lattentat-de-beuvry-perpetre-par-la-resistance-le-24-mars-1943\/#breadcrumb"},"inLanguage":"fr-FR","potentialAction":[{"@type":"ReadAction","target":["https:\/\/adca-artois.fr\/index.php\/2023\/09\/25\/conference-a-burbure-le-13-octobre-par-pascal-guillemant-consacree-a-lattentat-de-beuvry-perpetre-par-la-resistance-le-24-mars-1943\/"]}]},{"@type":"BreadcrumbList","@id":"https:\/\/adca-artois.fr\/index.php\/2023\/09\/25\/conference-a-burbure-le-13-octobre-par-pascal-guillemant-consacree-a-lattentat-de-beuvry-perpetre-par-la-resistance-le-24-mars-1943\/#breadcrumb","itemListElement":[{"@type":"ListItem","position":1,"name":"Accueil","item":"https:\/\/adca-artois.fr\/"},{"@type":"ListItem","position":2,"name":"Conf\u00e9rence \u00e0 Burbure le 13 Octobre \u00e0 18H Salle A.LAGACHE (Mairie) par Pascal Guillemant consacr\u00e9e \u00e0 l&rsquo;attentat de Beuvry perp\u00e9tr\u00e9 par la r\u00e9sistance communiste le 24 mars 1943."}]},{"@type":"WebSite","@id":"https:\/\/adca-artois.fr\/#website","url":"https:\/\/adca-artois.fr\/","name":"Association pour la D\u00e9couverte d&#039;un Coin d&#039;Artois - entre Lys et Clarence -","description":"L&#039;A.D.C.A est une Association r\u00e9gie par la loi du 1er Juillet 1901. Elle a \u00e9t\u00e9 fond\u00e9e le 23 janvier 1986. Notre Association propose la D\u00e9couverte et la promotion  de l&#039;histoire d&#039;un Coin d&#039;Artois sous tous ses aspects pour la partager avec le plus grand nombre d&#039;amateurs de tout \u00e2ge. Elle compte environ 60 membres. Si vous \u00eates int\u00e9ress\u00e9 par l&#039;histoire de notre r\u00e9gion, par des recherches g\u00e9n\u00e9alogiques ou participer  \u00e0 nos sorties th\u00e9matiques. Rejoignez-nous. L&#039;adh\u00e9sion est de 10 \u20ac et 15 \u20ac pour les couples.","alternateName":"ADCA","potentialAction":[{"@type":"SearchAction","target":{"@type":"EntryPoint","urlTemplate":"https:\/\/adca-artois.fr\/?s={search_term_string}"},"query-input":"required name=search_term_string"}],"inLanguage":"fr-FR"},{"@type":"Person","@id":"https:\/\/adca-artois.fr\/#\/schema\/person\/65f97fdeb04fd0fc3d0c38cd494d1a95","name":"admin4217","image":{"@type":"ImageObject","inLanguage":"fr-FR","@id":"https:\/\/adca-artois.fr\/#\/schema\/person\/image\/","url":"https:\/\/secure.gravatar.com\/avatar\/3ae1e7d97c62672d02d86c60211806cda59b208538a310daba97b88bc2f3830a?s=96&d=mm&r=g","contentUrl":"https:\/\/secure.gravatar.com\/avatar\/3ae1e7d97c62672d02d86c60211806cda59b208538a310daba97b88bc2f3830a?s=96&d=mm&r=g","caption":"admin4217"},"sameAs":["http:\/\/adca-artois.fr"],"url":"https:\/\/adca-artois.fr\/index.php\/author\/admin4217\/"}]}},"_links":{"self":[{"href":"https:\/\/adca-artois.fr\/index.php\/wp-json\/wp\/v2\/posts\/578","targetHints":{"allow":["GET"]}}],"collection":[{"href":"https:\/\/adca-artois.fr\/index.php\/wp-json\/wp\/v2\/posts"}],"about":[{"href":"https:\/\/adca-artois.fr\/index.php\/wp-json\/wp\/v2\/types\/post"}],"author":[{"embeddable":true,"href":"https:\/\/adca-artois.fr\/index.php\/wp-json\/wp\/v2\/users\/1"}],"replies":[{"embeddable":true,"href":"https:\/\/adca-artois.fr\/index.php\/wp-json\/wp\/v2\/comments?post=578"}],"version-history":[{"count":4,"href":"https:\/\/adca-artois.fr\/index.php\/wp-json\/wp\/v2\/posts\/578\/revisions"}],"predecessor-version":[{"id":590,"href":"https:\/\/adca-artois.fr\/index.php\/wp-json\/wp\/v2\/posts\/578\/revisions\/590"}],"wp:attachment":[{"href":"https:\/\/adca-artois.fr\/index.php\/wp-json\/wp\/v2\/media?parent=578"}],"wp:term":[{"taxonomy":"category","embeddable":true,"href":"https:\/\/adca-artois.fr\/index.php\/wp-json\/wp\/v2\/categories?post=578"},{"taxonomy":"post_tag","embeddable":true,"href":"https:\/\/adca-artois.fr\/index.php\/wp-json\/wp\/v2\/tags?post=578"}],"curies":[{"name":"wp","href":"https:\/\/api.w.org\/{rel}","templated":true}]}}